{"id":15618,"date":"2026-09-01T15:40:49","date_gmt":"2026-09-01T13:40:49","guid":{"rendered":"https:\/\/bioblog.uni-goettingen.de\/?p=15618"},"modified":"2026-09-01T15:40:50","modified_gmt":"2026-09-01T13:40:50","slug":"1-anmelderunde-fachvertiefung-im-b-sc-biologie-fur-wise26-27-abgeschlossen","status":"publish","type":"post","link":"https:\/\/bioblog.uni-goettingen.de\/?p=15618","title":{"rendered":"1. Anmelderunde Fachvertiefung im B.Sc. Biologie f\u00fcr WiSe26\/27 abgeschlossen"},"content":{"rendered":"\n<p>Die erste <strong>Anmelderunde der Fachvertiefung im B.Sc. Biologie <\/strong>f\u00fcr das kommende Wintersemester ist abgeschlossen. Alle Studierenden haben einen Platz in der gew\u00fcnschten Fachvertiefung erhalten.<\/p>\n\n\n\n<p>Die Modulverantwortlichen werden Sie zeitnah kontaktieren und Ihnen Informationen \u00fcber das weitere Vorgehen geben.<\/p>\n\n\n\n<p>Denken Sie daran, sich separat f\u00fcr das Literaturseminar (B.Bio.###.L, ab 01.11.) und sp\u00e4ter f\u00fcr das Projektmanagement (B.Bio.190.2) anzumelden.<\/p>\n\n\n\n<p>F\u00fcr alle Studierende, die sich noch nicht f\u00fcr eine Fachvertiefung angemeldet haben\/noch nicht anmelden konnten: die zweite Anmelderunde startet ab dem 01.10. Bitte beachten Sie dazu die zum letzten WiSe angek\u00fcndigten <strong>\u00c4nderungen der Anmeldemodalit\u00e4ten der zweiten Anmelderunde <\/strong>zur Fachvertiefung (<a href=\"https:\/\/uni-goettingen.de\/de\/document\/download\/86572b4ec62a9026c20d2ceccea19376.pdf\/2627_Info2_FV_ALF.pdf\">Infoveranstaltung zu Fachvertiefung und Bachelorarbei<\/a>t).<\/p>\n\n\n\n<p><\/p>\n","protected":false},"excerpt":{"rendered":"<p>Die erste Anmelderunde der Fachvertiefung im B.Sc. Biologie f\u00fcr das kommende Wintersemester ist abgeschlossen. Alle Studierenden haben einen Platz in der gew\u00fcnschten Fachvertiefung erhalten. Die Modulverantwortlichen werden Sie zeitnah kontaktieren und Ihnen Informationen \u00fcber das weitere Vorgehen geben. Denken Sie daran, sich separat f\u00fcr das Literaturseminar (B.Bio.###.L, ab 01.11.) und sp\u00e4ter f\u00fcr das Projektmanagement (B.Bio.190.2)<a class=\"more-link\" href=\"https:\/\/bioblog.uni-goettingen.de\/?p=15618\">Continue reading <span class=\"meta-nav\">&rarr;<\/span><\/a><\/p>\n","protected":false},"author":4,"featured_media":0,"comment_status":"closed","ping_status":"closed","sticky":false,"template":"","format":"standard","meta":{"footnotes":""},"categories":[10],"tags":[],"class_list":["post-15618","post","type-post","status-publish","format-standard","hentry","category-bsc-biologie"],"_links":{"self":[{"href":"https:\/\/bioblog.uni-goettingen.de\/index.php?rest_route=\/wp\/v2\/posts\/15618"}],"collection":[{"href":"https:\/\/bioblog.uni-goettingen.de\/index.php?rest_route=\/wp\/v2\/posts"}],"about":[{"href":"https:\/\/bioblog.uni-goettingen.de\/index.php?rest_route=\/wp\/v2\/types\/post"}],"author":[{"embeddable":true,"href":"https:\/\/bioblog.uni-goettingen.de\/index.php?rest_route=\/wp\/v2\/users\/4"}],"replies":[{"embeddable":true,"href":"https:\/\/bioblog.uni-goettingen.de\/index.php?rest_route=%2Fwp%2Fv2%2Fcomments&post=15618"}],"version-history":[{"count":1,"href":"https:\/\/bioblog.uni-goettingen.de\/index.php?rest_route=\/wp\/v2\/posts\/15618\/revisions"}],"predecessor-version":[{"id":15620,"href":"https:\/\/bioblog.uni-goettingen.de\/index.php?rest_route=\/wp\/v2\/posts\/15618\/revisions\/15620"}],"wp:attachment":[{"href":"https:\/\/bioblog.uni-goettingen.de\/index.php?rest_route=%2Fwp%2Fv2%2Fmedia&parent=15618"}],"wp:term":[{"taxonomy":"category","embeddable":true,"href":"https:\/\/bioblog.uni-goettingen.de\/index.php?rest_route=%2Fwp%2Fv2%2Fcategories&post=15618"},{"taxonomy":"post_tag","embeddable":true,"href":"https:\/\/bioblog.uni-goettingen.de\/index.php?rest_route=%2Fwp%2Fv2%2Ftags&post=15618"}],"curies":[{"name":"wp","href":"https:\/\/api.w.org\/{rel}","templated":true}]}}